{"id":369,"date":"2007-11-04T18:07:20","date_gmt":"2007-11-04T17:07:20","guid":{"rendered":"http:\/\/www.elevate-my-soul.de\/blogg\/?p=369"},"modified":"2007-11-06T13:19:07","modified_gmt":"2007-11-06T12:19:07","slug":"vor-dem-frost","status":"publish","type":"post","link":"https:\/\/www.mofodesign.de\/blogg\/2007\/11\/04\/vor-dem-frost\/","title":{"rendered":"Vor dem Frost"},"content":{"rendered":"<p align=\"center\"><a href=\"https:\/\/www.mofodesign.de\/blogg\/wp-content\/uploads\/2007\/11\/balkon-winterfertig-machen-19.jpg\" title=\"Eifrige Arbeiter auf dem Balkon\"><img decoding=\"async\" src=\"https:\/\/www.mofodesign.de\/blogg\/wp-content\/uploads\/2007\/11\/balkon-winterfertig-machen-19.jpg\" alt=\"Eifrige Arbeiter auf dem Balkon\" style=\"float: left; margin-left: 10px; margin-top: 10px; margin-bottom: 10px\" width=\"500\" \/><\/a><\/p>\n<p> Auch wenn es vielleicht wieder keinen echten Winter in Rastede geben wird, so haben wir f\u00fcr den Fall der F\u00e4lle heute Vorkehrungen getroffen. Tisch und St\u00fchle f\u00fchlen sich unter ihrer Plastikhaube wohl und die Pflanzen bekamen eine warme Decke, damit sie nicht frieren. Eifrige Helfer waren unsere beiden Bunten, die ihre Nase \u00fcberall reinsteckten. Hier gibt es <a href=\"https:\/\/www.mofodesign.de\/blogg\/?page_id=367\" title=\"Aufr\u00e4umaktion auf dem Balkon\">weitere Bilder<\/a>.<\/p>\n<a class=\"synved-social-button synved-social-button-share synved-social-size-24 synved-social-resolution-single synved-social-provider-facebook nolightbox\" data-provider=\"facebook\" target=\"_blank\" rel=\"nofollow\" title=\"Share on Facebook\" href=\"https:\/\/www.facebook.com\/sharer.php?u=https%3A%2F%2Fwww.mofodesign.de%2Fblogg%2Fwp-json%2Fwp%2Fv2%2Fposts%2F369&#038;t=Vor%20dem%20Frost&#038;s=100&#038;p&#091;url&#093;=https%3A%2F%2Fwww.mofodesign.de%2Fblogg%2Fwp-json%2Fwp%2Fv2%2Fposts%2F369&#038;p&#091;images&#093;&#091;0&#093;=http%3A%2F%2Fwww.mofodesign.de%2Fblogg%2Fwp-content%2Fuploads%2F2007%2F11%2Fbalkon-winterfertig-machen-19.jpg&#038;p&#091;title&#093;=Vor%20dem%20Frost\" style=\"font-size: 0px;width:24px;height:24px;margin:0;margin-bottom:5px;margin-right:5px\"><img loading=\"lazy\" decoding=\"async\" alt=\"Facebook\" title=\"Share on Facebook\" class=\"synved-share-image synved-social-image synved-social-image-share\" width=\"24\" height=\"24\" style=\"display: inline;width:24px;height:24px;margin: 0;padding: 0;border: none;box-shadow: none\" src=\"https:\/\/www.mofodesign.de\/blogg\/wp-content\/plugins\/social-media-feather\/synved-social\/image\/social\/regular\/48x48\/facebook.png\" \/><\/a><a class=\"synved-social-button synved-social-button-share synved-social-size-24 synved-social-resolution-single synved-social-provider-twitter nolightbox\" data-provider=\"twitter\" target=\"_blank\" rel=\"nofollow\" title=\"Share on Twitter\" href=\"https:\/\/twitter.com\/intent\/tweet?url=https%3A%2F%2Fwww.mofodesign.de%2Fblogg%2Fwp-json%2Fwp%2Fv2%2Fposts%2F369&#038;text=Schau%27%20Dir%20das%20an%3A%20\" style=\"font-size: 0px;width:24px;height:24px;margin:0;margin-bottom:5px;margin-right:5px\"><img loading=\"lazy\" decoding=\"async\" alt=\"twitter\" title=\"Share on Twitter\" class=\"synved-share-image synved-social-image synved-social-image-share\" width=\"24\" height=\"24\" style=\"display: inline;width:24px;height:24px;margin: 0;padding: 0;border: none;box-shadow: none\" src=\"https:\/\/www.mofodesign.de\/blogg\/wp-content\/plugins\/social-media-feather\/synved-social\/image\/social\/regular\/48x48\/twitter.png\" \/><\/a><a class=\"synved-social-button synved-social-button-share synved-social-size-24 synved-social-resolution-single synved-social-provider-reddit nolightbox\" data-provider=\"reddit\" target=\"_blank\" rel=\"nofollow\" title=\"Share on Reddit\" href=\"https:\/\/www.reddit.com\/submit?url=https%3A%2F%2Fwww.mofodesign.de%2Fblogg%2Fwp-json%2Fwp%2Fv2%2Fposts%2F369&#038;title=Vor%20dem%20Frost\" style=\"font-size: 0px;width:24px;height:24px;margin:0;margin-bottom:5px;margin-right:5px\"><img loading=\"lazy\" decoding=\"async\" alt=\"reddit\" title=\"Share on Reddit\" class=\"synved-share-image synved-social-image synved-social-image-share\" width=\"24\" height=\"24\" style=\"display: inline;width:24px;height:24px;margin: 0;padding: 0;border: none;box-shadow: none\" src=\"https:\/\/www.mofodesign.de\/blogg\/wp-content\/plugins\/social-media-feather\/synved-social\/image\/social\/regular\/48x48\/reddit.png\" \/><\/a><a class=\"synved-social-button synved-social-button-share synved-social-size-24 synved-social-resolution-single synved-social-provider-pinterest nolightbox\" data-provider=\"pinterest\" target=\"_blank\" rel=\"nofollow\" title=\"Pin it with Pinterest\" href=\"https:\/\/pinterest.com\/pin\/create\/button\/?url=https%3A%2F%2Fwww.mofodesign.de%2Fblogg%2Fwp-json%2Fwp%2Fv2%2Fposts%2F369&#038;media=http%3A%2F%2Fwww.mofodesign.de%2Fblogg%2Fwp-content%2Fuploads%2F2007%2F11%2Fbalkon-winterfertig-machen-19.jpg&#038;description=Vor%20dem%20Frost\" style=\"font-size: 0px;width:24px;height:24px;margin:0;margin-bottom:5px;margin-right:5px\"><img loading=\"lazy\" decoding=\"async\" alt=\"pinterest\" title=\"Pin it with Pinterest\" class=\"synved-share-image synved-social-image synved-social-image-share\" width=\"24\" height=\"24\" style=\"display: inline;width:24px;height:24px;margin: 0;padding: 0;border: none;box-shadow: none\" src=\"https:\/\/www.mofodesign.de\/blogg\/wp-content\/plugins\/social-media-feather\/synved-social\/image\/social\/regular\/48x48\/pinterest.png\" \/><\/a><a class=\"synved-social-button synved-social-button-share synved-social-size-24 synved-social-resolution-single synved-social-provider-linkedin nolightbox\" data-provider=\"linkedin\" target=\"_blank\" rel=\"nofollow\" title=\"Share on Linkedin\" href=\"https:\/\/www.linkedin.com\/shareArticle?mini=true&#038;url=https%3A%2F%2Fwww.mofodesign.de%2Fblogg%2Fwp-json%2Fwp%2Fv2%2Fposts%2F369&#038;title=Vor%20dem%20Frost\" style=\"font-size: 0px;width:24px;height:24px;margin:0;margin-bottom:5px;margin-right:5px\"><img loading=\"lazy\" decoding=\"async\" alt=\"linkedin\" title=\"Share on Linkedin\" class=\"synved-share-image synved-social-image synved-social-image-share\" width=\"24\" height=\"24\" style=\"display: inline;width:24px;height:24px;margin: 0;padding: 0;border: none;box-shadow: none\" src=\"https:\/\/www.mofodesign.de\/blogg\/wp-content\/plugins\/social-media-feather\/synved-social\/image\/social\/regular\/48x48\/linkedin.png\" \/><\/a><a class=\"synved-social-button synved-social-button-share synved-social-size-24 synved-social-resolution-single synved-social-provider-mail nolightbox\" data-provider=\"mail\" rel=\"nofollow\" title=\"Share by email\" href=\"mailto:?subject=Vor%20dem%20Frost&#038;body=Schau%27%20Dir%20das%20an%3A%20:%20https%3A%2F%2Fwww.mofodesign.de%2Fblogg%2Fwp-json%2Fwp%2Fv2%2Fposts%2F369\" style=\"font-size: 0px;width:24px;height:24px;margin:0;margin-bottom:5px\"><img loading=\"lazy\" decoding=\"async\" alt=\"mail\" title=\"Share by email\" class=\"synved-share-image synved-social-image synved-social-image-share\" width=\"24\" height=\"24\" style=\"display: inline;width:24px;height:24px;margin: 0;padding: 0;border: none;box-shadow: none\" src=\"https:\/\/www.mofodesign.de\/blogg\/wp-content\/plugins\/social-media-feather\/synved-social\/image\/social\/regular\/48x48\/mail.png\" \/><\/a>","protected":false},"excerpt":{"rendered":"<p>Auch wenn es vielleicht wieder keinen echten Winter in Rastede geben wird, so haben wir f\u00fcr den Fall der F\u00e4lle heute Vorkehrungen getroffen. Tisch und St\u00fchle f\u00fchlen sich unter ihrer Plastikhaube wohl und die Pflanzen bekamen eine warme Decke, damit sie nicht frieren. Eifrige Helfer waren unsere beiden Bunten, die ihre Nase \u00fcberall reinsteckten. Hier [&hellip;]<\/p>\n","protected":false},"author":1,"featured_media":0,"comment_status":"open","ping_status":"open","sticky":false,"template":"","format":"standard","meta":{"footnotes":""},"categories":[6],"tags":[20,24],"class_list":{"0":"post-369","1":"post","2":"type-post","3":"status-publish","4":"format-standard","6":"category-yuna-marty","7":"tag-bunte-tiger","8":"tag-heimat","9":"czr-hentry"},"_links":{"self":[{"href":"https:\/\/www.mofodesign.de\/blogg\/wp-json\/wp\/v2\/posts\/369","targetHints":{"allow":["GET"]}}],"collection":[{"href":"https:\/\/www.mofodesign.de\/blogg\/wp-json\/wp\/v2\/posts"}],"about":[{"href":"https:\/\/www.mofodesign.de\/blogg\/wp-json\/wp\/v2\/types\/post"}],"author":[{"embeddable":true,"href":"https:\/\/www.mofodesign.de\/blogg\/wp-json\/wp\/v2\/users\/1"}],"replies":[{"embeddable":true,"href":"https:\/\/www.mofodesign.de\/blogg\/wp-json\/wp\/v2\/comments?post=369"}],"version-history":[{"count":0,"href":"https:\/\/www.mofodesign.de\/blogg\/wp-json\/wp\/v2\/posts\/369\/revisions"}],"wp:attachment":[{"href":"https:\/\/www.mofodesign.de\/blogg\/wp-json\/wp\/v2\/media?parent=369"}],"wp:term":[{"taxonomy":"category","embeddable":true,"href":"https:\/\/www.mofodesign.de\/blogg\/wp-json\/wp\/v2\/categories?post=369"},{"taxonomy":"post_tag","embeddable":true,"href":"https:\/\/www.mofodesign.de\/blogg\/wp-json\/wp\/v2\/tags?post=369"}],"curies":[{"name":"wp","href":"https:\/\/api.w.org\/{rel}","templated":true}]}}