{"id":264,"date":"2007-08-05T16:46:55","date_gmt":"2007-08-05T15:46:55","guid":{"rendered":"http:\/\/www.elevate-my-soul.de\/blogg\/?p=264"},"modified":"2007-08-12T19:23:32","modified_gmt":"2007-08-12T18:23:32","slug":"die-24-stunden-von-duisburg-2007","status":"publish","type":"post","link":"https:\/\/www.mofodesign.de\/blogg\/2007\/08\/05\/die-24-stunden-von-duisburg-2007\/","title":{"rendered":"Die 24 Stunden von Duisburg 2007"},"content":{"rendered":"<p>Schwei\u00df, Staub und m\u00fcde Beine pr\u00e4gten das 24 Stunden Rennen von Duisburg. Mit dabei waren die Hannover Radis mit meinem Bruder Hergen, seinem Freund Fidi und dessen Frau Dagmar sowie dem Arbeitskollegen Uwe. Da Dagmar leider schon fr\u00fchzeitig ausschied, mussten Hergen, Fidi und Uwe das Rennen zu dritt nach Hause fahren, was sie immerhin in beeindruckender Weise schafften. Platz 140 war zwar n\u00e4her dem Ende als den Spitzenpl\u00e4tzen, aber die Anzahl der Runden (Hergen 21, Fidi 21, Uwe 16) und die Zeit im Sattel (Fidi 8:56 h, Hergen 8 h, Uwe 7:08) waren schon eine starke Leistung (ausf\u00fchrliche Ergebnisse <a title=\"Hannover Radis\" target=\"_blank\" href=\"http:\/\/services.datasport.com\/2007\/mtb\/duisburg\/Results04154.htm\">hier<\/a>). Ansonsten z\u00e4hlte aber in erster Linie der olympische Gedanken und die Kunst ohne Doping auszukommen. <a title=\"24 h von Duisburg\" href=\"https:\/\/www.mofodesign.de\/blogg\/?page_id=266\">Hier die Bilder:<\/a><\/p>\n<p align=\"center\"><a title=\"24 h von Duisburg\" href=\"https:\/\/www.mofodesign.de\/blogg\/?page_id=266\"><img decoding=\"async\" alt=\"Rasante Abfahrten beim 24-Stunden-Rennen\" id=\"image267\" src=\"https:\/\/www.mofodesign.de\/blogg\/wp-content\/uploads\/2007\/08\/24-h-duisburg-216-500.jpg\" \/><\/a><\/p>\n<a class=\"synved-social-button synved-social-button-share synved-social-size-24 synved-social-resolution-single synved-social-provider-facebook nolightbox\" data-provider=\"facebook\" target=\"_blank\" rel=\"nofollow\" title=\"Share on Facebook\" href=\"https:\/\/www.facebook.com\/sharer.php?u=https%3A%2F%2Fwww.mofodesign.de%2Fblogg%2Fwp-json%2Fwp%2Fv2%2Fposts%2F264&#038;t=Die%2024%20Stunden%20von%20Duisburg%202007&#038;s=100&#038;p&#091;url&#093;=https%3A%2F%2Fwww.mofodesign.de%2Fblogg%2Fwp-json%2Fwp%2Fv2%2Fposts%2F264&#038;p&#091;images&#093;&#091;0&#093;=http%3A%2F%2Fwww.mofodesign.de%2Fblogg%2Fwp-content%2Fuploads%2F2007%2F08%2F24-h-duisburg-216-500.jpg&#038;p&#091;title&#093;=Die%2024%20Stunden%20von%20Duisburg%202007\" style=\"font-size: 0px;width:24px;height:24px;margin:0;margin-bottom:5px;margin-right:5px\"><img loading=\"lazy\" decoding=\"async\" alt=\"Facebook\" title=\"Share on Facebook\" class=\"synved-share-image synved-social-image synved-social-image-share\" width=\"24\" height=\"24\" style=\"display: inline;width:24px;height:24px;margin: 0;padding: 0;border: none;box-shadow: none\" src=\"https:\/\/www.mofodesign.de\/blogg\/wp-content\/plugins\/social-media-feather\/synved-social\/image\/social\/regular\/48x48\/facebook.png\" \/><\/a><a class=\"synved-social-button synved-social-button-share synved-social-size-24 synved-social-resolution-single synved-social-provider-twitter nolightbox\" data-provider=\"twitter\" target=\"_blank\" rel=\"nofollow\" title=\"Share on Twitter\" href=\"https:\/\/twitter.com\/intent\/tweet?url=https%3A%2F%2Fwww.mofodesign.de%2Fblogg%2Fwp-json%2Fwp%2Fv2%2Fposts%2F264&#038;text=Schau%27%20Dir%20das%20an%3A%20\" style=\"font-size: 0px;width:24px;height:24px;margin:0;margin-bottom:5px;margin-right:5px\"><img loading=\"lazy\" decoding=\"async\" alt=\"twitter\" title=\"Share on Twitter\" class=\"synved-share-image synved-social-image synved-social-image-share\" width=\"24\" height=\"24\" style=\"display: inline;width:24px;height:24px;margin: 0;padding: 0;border: none;box-shadow: none\" src=\"https:\/\/www.mofodesign.de\/blogg\/wp-content\/plugins\/social-media-feather\/synved-social\/image\/social\/regular\/48x48\/twitter.png\" \/><\/a><a class=\"synved-social-button synved-social-button-share synved-social-size-24 synved-social-resolution-single synved-social-provider-reddit nolightbox\" data-provider=\"reddit\" target=\"_blank\" rel=\"nofollow\" title=\"Share on Reddit\" href=\"https:\/\/www.reddit.com\/submit?url=https%3A%2F%2Fwww.mofodesign.de%2Fblogg%2Fwp-json%2Fwp%2Fv2%2Fposts%2F264&#038;title=Die%2024%20Stunden%20von%20Duisburg%202007\" style=\"font-size: 0px;width:24px;height:24px;margin:0;margin-bottom:5px;margin-right:5px\"><img loading=\"lazy\" decoding=\"async\" alt=\"reddit\" title=\"Share on Reddit\" class=\"synved-share-image synved-social-image synved-social-image-share\" width=\"24\" height=\"24\" style=\"display: inline;width:24px;height:24px;margin: 0;padding: 0;border: none;box-shadow: none\" src=\"https:\/\/www.mofodesign.de\/blogg\/wp-content\/plugins\/social-media-feather\/synved-social\/image\/social\/regular\/48x48\/reddit.png\" \/><\/a><a class=\"synved-social-button synved-social-button-share synved-social-size-24 synved-social-resolution-single synved-social-provider-pinterest nolightbox\" data-provider=\"pinterest\" target=\"_blank\" rel=\"nofollow\" title=\"Pin it with Pinterest\" href=\"https:\/\/pinterest.com\/pin\/create\/button\/?url=https%3A%2F%2Fwww.mofodesign.de%2Fblogg%2Fwp-json%2Fwp%2Fv2%2Fposts%2F264&#038;media=http%3A%2F%2Fwww.mofodesign.de%2Fblogg%2Fwp-content%2Fuploads%2F2007%2F08%2F24-h-duisburg-216-500.jpg&#038;description=Die%2024%20Stunden%20von%20Duisburg%202007\" style=\"font-size: 0px;width:24px;height:24px;margin:0;margin-bottom:5px;margin-right:5px\"><img loading=\"lazy\" decoding=\"async\" alt=\"pinterest\" title=\"Pin it with Pinterest\" class=\"synved-share-image synved-social-image synved-social-image-share\" width=\"24\" height=\"24\" style=\"display: inline;width:24px;height:24px;margin: 0;padding: 0;border: none;box-shadow: none\" src=\"https:\/\/www.mofodesign.de\/blogg\/wp-content\/plugins\/social-media-feather\/synved-social\/image\/social\/regular\/48x48\/pinterest.png\" \/><\/a><a class=\"synved-social-button synved-social-button-share synved-social-size-24 synved-social-resolution-single synved-social-provider-linkedin nolightbox\" data-provider=\"linkedin\" target=\"_blank\" rel=\"nofollow\" title=\"Share on Linkedin\" href=\"https:\/\/www.linkedin.com\/shareArticle?mini=true&#038;url=https%3A%2F%2Fwww.mofodesign.de%2Fblogg%2Fwp-json%2Fwp%2Fv2%2Fposts%2F264&#038;title=Die%2024%20Stunden%20von%20Duisburg%202007\" style=\"font-size: 0px;width:24px;height:24px;margin:0;margin-bottom:5px;margin-right:5px\"><img loading=\"lazy\" decoding=\"async\" alt=\"linkedin\" title=\"Share on Linkedin\" class=\"synved-share-image synved-social-image synved-social-image-share\" width=\"24\" height=\"24\" style=\"display: inline;width:24px;height:24px;margin: 0;padding: 0;border: none;box-shadow: none\" src=\"https:\/\/www.mofodesign.de\/blogg\/wp-content\/plugins\/social-media-feather\/synved-social\/image\/social\/regular\/48x48\/linkedin.png\" \/><\/a><a class=\"synved-social-button synved-social-button-share synved-social-size-24 synved-social-resolution-single synved-social-provider-mail nolightbox\" data-provider=\"mail\" rel=\"nofollow\" title=\"Share by email\" href=\"mailto:?subject=Die%2024%20Stunden%20von%20Duisburg%202007&#038;body=Schau%27%20Dir%20das%20an%3A%20:%20https%3A%2F%2Fwww.mofodesign.de%2Fblogg%2Fwp-json%2Fwp%2Fv2%2Fposts%2F264\" style=\"font-size: 0px;width:24px;height:24px;margin:0;margin-bottom:5px\"><img loading=\"lazy\" decoding=\"async\" alt=\"mail\" title=\"Share by email\" class=\"synved-share-image synved-social-image synved-social-image-share\" width=\"24\" height=\"24\" style=\"display: inline;width:24px;height:24px;margin: 0;padding: 0;border: none;box-shadow: none\" src=\"https:\/\/www.mofodesign.de\/blogg\/wp-content\/plugins\/social-media-feather\/synved-social\/image\/social\/regular\/48x48\/mail.png\" \/><\/a>","protected":false},"excerpt":{"rendered":"<p>Schwei\u00df, Staub und m\u00fcde Beine pr\u00e4gten das 24 Stunden Rennen von Duisburg. Mit dabei waren die Hannover Radis mit meinem Bruder Hergen, seinem Freund Fidi und dessen Frau Dagmar sowie dem Arbeitskollegen Uwe. Da Dagmar leider schon fr\u00fchzeitig ausschied, mussten Hergen, Fidi und Uwe das Rennen zu dritt nach Hause fahren, was sie immerhin in [&hellip;]<\/p>\n","protected":false},"author":1,"featured_media":0,"comment_status":"open","ping_status":"open","sticky":false,"template":"","format":"standard","meta":{"footnotes":""},"categories":[1],"tags":[],"class_list":{"0":"post-264","1":"post","2":"type-post","3":"status-publish","4":"format-standard","6":"category-m-p","7":"czr-hentry"},"_links":{"self":[{"href":"https:\/\/www.mofodesign.de\/blogg\/wp-json\/wp\/v2\/posts\/264","targetHints":{"allow":["GET"]}}],"collection":[{"href":"https:\/\/www.mofodesign.de\/blogg\/wp-json\/wp\/v2\/posts"}],"about":[{"href":"https:\/\/www.mofodesign.de\/blogg\/wp-json\/wp\/v2\/types\/post"}],"author":[{"embeddable":true,"href":"https:\/\/www.mofodesign.de\/blogg\/wp-json\/wp\/v2\/users\/1"}],"replies":[{"embeddable":true,"href":"https:\/\/www.mofodesign.de\/blogg\/wp-json\/wp\/v2\/comments?post=264"}],"version-history":[{"count":0,"href":"https:\/\/www.mofodesign.de\/blogg\/wp-json\/wp\/v2\/posts\/264\/revisions"}],"wp:attachment":[{"href":"https:\/\/www.mofodesign.de\/blogg\/wp-json\/wp\/v2\/media?parent=264"}],"wp:term":[{"taxonomy":"category","embeddable":true,"href":"https:\/\/www.mofodesign.de\/blogg\/wp-json\/wp\/v2\/categories?post=264"},{"taxonomy":"post_tag","embeddable":true,"href":"https:\/\/www.mofodesign.de\/blogg\/wp-json\/wp\/v2\/tags?post=264"}],"curies":[{"name":"wp","href":"https:\/\/api.w.org\/{rel}","templated":true}]}}