{"id":259,"date":"2007-07-28T16:41:47","date_gmt":"2007-07-28T15:41:47","guid":{"rendered":"http:\/\/www.elevate-my-soul.de\/blogg\/?p=259"},"modified":"2007-07-28T16:41:47","modified_gmt":"2007-07-28T15:41:47","slug":"die-mit-dem-fus-im-gesicht-schlaft","status":"publish","type":"post","link":"https:\/\/www.mofodesign.de\/blogg\/2007\/07\/28\/die-mit-dem-fus-im-gesicht-schlaft\/","title":{"rendered":"Die mit dem Fu\u00df im Gesicht schl\u00e4ft &#8230;"},"content":{"rendered":"<p>Yuna beim Mittagsschlaf auf dem Kratzbaum. L\u00e4sst sich durch nichts aus der Ruhe bringen &#8211; auch nicht von ihrem eigenen Fu\u00df im Gesicht:<\/p>\n<p align=\"center\"><a title=\"Exzellente Athletik\" class=\"imagelink\" href=\"https:\/\/www.mofodesign.de\/blogg\/wp-content\/uploads\/2007\/07\/yuna-kratzbaum-makro-05.jpg\"><img decoding=\"async\" alt=\"Exzellente Athletik\" id=\"image258\" src=\"https:\/\/www.mofodesign.de\/blogg\/wp-content\/uploads\/2007\/07\/yuna-kratzbaum-makro-05.thumbnail.jpg\" \/><\/a><\/p>\n<a class=\"synved-social-button synved-social-button-share synved-social-size-24 synved-social-resolution-single synved-social-provider-facebook nolightbox\" data-provider=\"facebook\" target=\"_blank\" rel=\"nofollow\" title=\"Share on Facebook\" href=\"https:\/\/www.facebook.com\/sharer.php?u=https%3A%2F%2Fwww.mofodesign.de%2Fblogg%2Fwp-json%2Fwp%2Fv2%2Fposts%2F259&#038;t=Die%20mit%20dem%20Fu%C3%9F%20im%20Gesicht%20schl%C3%A4ft%20%E2%80%A6&#038;s=100&#038;p&#091;url&#093;=https%3A%2F%2Fwww.mofodesign.de%2Fblogg%2Fwp-json%2Fwp%2Fv2%2Fposts%2F259&#038;p&#091;images&#093;&#091;0&#093;=http%3A%2F%2Fwww.mofodesign.de%2Fblogg%2Fwp-content%2Fuploads%2F2007%2F07%2Fyuna-kratzbaum-makro-05.thumbnail.jpg&#038;p&#091;title&#093;=Die%20mit%20dem%20Fu%C3%9F%20im%20Gesicht%20schl%C3%A4ft%20%E2%80%A6\" style=\"font-size: 0px;width:24px;height:24px;margin:0;margin-bottom:5px;margin-right:5px\"><img loading=\"lazy\" decoding=\"async\" alt=\"Facebook\" title=\"Share on Facebook\" class=\"synved-share-image synved-social-image synved-social-image-share\" width=\"24\" height=\"24\" style=\"display: inline;width:24px;height:24px;margin: 0;padding: 0;border: none;box-shadow: none\" src=\"https:\/\/www.mofodesign.de\/blogg\/wp-content\/plugins\/social-media-feather\/synved-social\/image\/social\/regular\/48x48\/facebook.png\" \/><\/a><a class=\"synved-social-button synved-social-button-share synved-social-size-24 synved-social-resolution-single synved-social-provider-twitter nolightbox\" data-provider=\"twitter\" target=\"_blank\" rel=\"nofollow\" title=\"Share on Twitter\" href=\"https:\/\/twitter.com\/intent\/tweet?url=https%3A%2F%2Fwww.mofodesign.de%2Fblogg%2Fwp-json%2Fwp%2Fv2%2Fposts%2F259&#038;text=Schau%27%20Dir%20das%20an%3A%20\" style=\"font-size: 0px;width:24px;height:24px;margin:0;margin-bottom:5px;margin-right:5px\"><img loading=\"lazy\" decoding=\"async\" alt=\"twitter\" title=\"Share on Twitter\" class=\"synved-share-image synved-social-image synved-social-image-share\" width=\"24\" height=\"24\" style=\"display: inline;width:24px;height:24px;margin: 0;padding: 0;border: none;box-shadow: none\" src=\"https:\/\/www.mofodesign.de\/blogg\/wp-content\/plugins\/social-media-feather\/synved-social\/image\/social\/regular\/48x48\/twitter.png\" \/><\/a><a class=\"synved-social-button synved-social-button-share synved-social-size-24 synved-social-resolution-single synved-social-provider-reddit nolightbox\" data-provider=\"reddit\" target=\"_blank\" rel=\"nofollow\" title=\"Share on Reddit\" href=\"https:\/\/www.reddit.com\/submit?url=https%3A%2F%2Fwww.mofodesign.de%2Fblogg%2Fwp-json%2Fwp%2Fv2%2Fposts%2F259&#038;title=Die%20mit%20dem%20Fu%C3%9F%20im%20Gesicht%20schl%C3%A4ft%20%E2%80%A6\" style=\"font-size: 0px;width:24px;height:24px;margin:0;margin-bottom:5px;margin-right:5px\"><img loading=\"lazy\" decoding=\"async\" alt=\"reddit\" title=\"Share on Reddit\" class=\"synved-share-image synved-social-image synved-social-image-share\" width=\"24\" height=\"24\" style=\"display: inline;width:24px;height:24px;margin: 0;padding: 0;border: none;box-shadow: none\" src=\"https:\/\/www.mofodesign.de\/blogg\/wp-content\/plugins\/social-media-feather\/synved-social\/image\/social\/regular\/48x48\/reddit.png\" \/><\/a><a class=\"synved-social-button synved-social-button-share synved-social-size-24 synved-social-resolution-single synved-social-provider-pinterest nolightbox\" data-provider=\"pinterest\" target=\"_blank\" rel=\"nofollow\" title=\"Pin it with Pinterest\" href=\"https:\/\/pinterest.com\/pin\/create\/button\/?url=https%3A%2F%2Fwww.mofodesign.de%2Fblogg%2Fwp-json%2Fwp%2Fv2%2Fposts%2F259&#038;media=http%3A%2F%2Fwww.mofodesign.de%2Fblogg%2Fwp-content%2Fuploads%2F2007%2F07%2Fyuna-kratzbaum-makro-05.thumbnail.jpg&#038;description=Die%20mit%20dem%20Fu%C3%9F%20im%20Gesicht%20schl%C3%A4ft%20%E2%80%A6\" style=\"font-size: 0px;width:24px;height:24px;margin:0;margin-bottom:5px;margin-right:5px\"><img loading=\"lazy\" decoding=\"async\" alt=\"pinterest\" title=\"Pin it with Pinterest\" class=\"synved-share-image synved-social-image synved-social-image-share\" width=\"24\" height=\"24\" style=\"display: inline;width:24px;height:24px;margin: 0;padding: 0;border: none;box-shadow: none\" src=\"https:\/\/www.mofodesign.de\/blogg\/wp-content\/plugins\/social-media-feather\/synved-social\/image\/social\/regular\/48x48\/pinterest.png\" \/><\/a><a class=\"synved-social-button synved-social-button-share synved-social-size-24 synved-social-resolution-single synved-social-provider-linkedin nolightbox\" data-provider=\"linkedin\" target=\"_blank\" rel=\"nofollow\" title=\"Share on Linkedin\" href=\"https:\/\/www.linkedin.com\/shareArticle?mini=true&#038;url=https%3A%2F%2Fwww.mofodesign.de%2Fblogg%2Fwp-json%2Fwp%2Fv2%2Fposts%2F259&#038;title=Die%20mit%20dem%20Fu%C3%9F%20im%20Gesicht%20schl%C3%A4ft%20%E2%80%A6\" style=\"font-size: 0px;width:24px;height:24px;margin:0;margin-bottom:5px;margin-right:5px\"><img loading=\"lazy\" decoding=\"async\" alt=\"linkedin\" title=\"Share on Linkedin\" class=\"synved-share-image synved-social-image synved-social-image-share\" width=\"24\" height=\"24\" style=\"display: inline;width:24px;height:24px;margin: 0;padding: 0;border: none;box-shadow: none\" src=\"https:\/\/www.mofodesign.de\/blogg\/wp-content\/plugins\/social-media-feather\/synved-social\/image\/social\/regular\/48x48\/linkedin.png\" \/><\/a><a class=\"synved-social-button synved-social-button-share synved-social-size-24 synved-social-resolution-single synved-social-provider-mail nolightbox\" data-provider=\"mail\" rel=\"nofollow\" title=\"Share by email\" href=\"mailto:?subject=Die%20mit%20dem%20Fu%C3%9F%20im%20Gesicht%20schl%C3%A4ft%20%E2%80%A6&#038;body=Schau%27%20Dir%20das%20an%3A%20:%20https%3A%2F%2Fwww.mofodesign.de%2Fblogg%2Fwp-json%2Fwp%2Fv2%2Fposts%2F259\" style=\"font-size: 0px;width:24px;height:24px;margin:0;margin-bottom:5px\"><img loading=\"lazy\" decoding=\"async\" alt=\"mail\" title=\"Share by email\" class=\"synved-share-image synved-social-image synved-social-image-share\" width=\"24\" height=\"24\" style=\"display: inline;width:24px;height:24px;margin: 0;padding: 0;border: none;box-shadow: none\" src=\"https:\/\/www.mofodesign.de\/blogg\/wp-content\/plugins\/social-media-feather\/synved-social\/image\/social\/regular\/48x48\/mail.png\" \/><\/a>","protected":false},"excerpt":{"rendered":"<p>Yuna beim Mittagsschlaf auf dem Kratzbaum. L\u00e4sst sich durch nichts aus der Ruhe bringen &#8211; auch nicht von ihrem eigenen Fu\u00df im Gesicht:<\/p>\n","protected":false},"author":1,"featured_media":0,"comment_status":"open","ping_status":"open","sticky":false,"template":"","format":"standard","meta":{"footnotes":""},"categories":[1,6],"tags":[],"class_list":{"0":"post-259","1":"post","2":"type-post","3":"status-publish","4":"format-standard","6":"category-m-p","7":"category-yuna-marty","8":"czr-hentry"},"_links":{"self":[{"href":"https:\/\/www.mofodesign.de\/blogg\/wp-json\/wp\/v2\/posts\/259","targetHints":{"allow":["GET"]}}],"collection":[{"href":"https:\/\/www.mofodesign.de\/blogg\/wp-json\/wp\/v2\/posts"}],"about":[{"href":"https:\/\/www.mofodesign.de\/blogg\/wp-json\/wp\/v2\/types\/post"}],"author":[{"embeddable":true,"href":"https:\/\/www.mofodesign.de\/blogg\/wp-json\/wp\/v2\/users\/1"}],"replies":[{"embeddable":true,"href":"https:\/\/www.mofodesign.de\/blogg\/wp-json\/wp\/v2\/comments?post=259"}],"version-history":[{"count":0,"href":"https:\/\/www.mofodesign.de\/blogg\/wp-json\/wp\/v2\/posts\/259\/revisions"}],"wp:attachment":[{"href":"https:\/\/www.mofodesign.de\/blogg\/wp-json\/wp\/v2\/media?parent=259"}],"wp:term":[{"taxonomy":"category","embeddable":true,"href":"https:\/\/www.mofodesign.de\/blogg\/wp-json\/wp\/v2\/categories?post=259"},{"taxonomy":"post_tag","embeddable":true,"href":"https:\/\/www.mofodesign.de\/blogg\/wp-json\/wp\/v2\/tags?post=259"}],"curies":[{"name":"wp","href":"https:\/\/api.w.org\/{rel}","templated":true}]}}